{"id":19761,"date":"2026-08-31T14:09:22","date_gmt":"2026-08-31T14:09:22","guid":{"rendered":"https:\/\/holalatinosnews.com\/amy-nuviola-actuara-con-90-millas-el-26-de-septiembre-en-el-sanctuary-of-the-arts-de-coral-gables\/"},"modified":"2026-08-31T14:16:25","modified_gmt":"2026-08-31T14:16:25","slug":"amy-nuviola-actuara-con-90-millas-el-26-de-septiembre-en-el-sanctuary-of-the-arts-de-coral-gables","status":"publish","type":"post","link":"https:\/\/holalatinosnews.com\/es\/amy-nuviola-actuara-con-90-millas-el-26-de-septiembre-en-el-sanctuary-of-the-arts-de-coral-gables\/","title":{"rendered":"Amy Nuviola actuar\u00e1 con \u00ab90 millas\u00bb el 26 de septiembre en el Sanctuary of the Arts de Coral Gables"},"content":{"rendered":"<p>&nbsp;<\/p>\n<p>&nbsp;<\/p>\n<p>&nbsp;<\/p>\n<p>&nbsp;<\/p>\n<p><a href=\"https:\/\/holalatinosnews.com\/wp-content\/uploads\/2026\/08\/Latinamerica-music-award-compresso.jpg\"><img fetchpriority=\"high\" decoding=\"async\" class=\"alignnone size-medium wp-image-19757\" src=\"https:\/\/holalatinosnews.com\/wp-content\/uploads\/2026\/08\/Latinamerica-music-award-compresso-200x300.jpg\" alt=\"\" width=\"200\" height=\"300\" srcset=\"https:\/\/holalatinosnews.com\/wp-content\/uploads\/2026\/08\/Latinamerica-music-award-compresso-200x300.jpg 200w, https:\/\/holalatinosnews.com\/wp-content\/uploads\/2026\/08\/Latinamerica-music-award-compresso-683x1024.jpg 683w, https:\/\/holalatinosnews.com\/wp-content\/uploads\/2026\/08\/Latinamerica-music-award-compresso-768x1152.jpg 768w, https:\/\/holalatinosnews.com\/wp-content\/uploads\/2026\/08\/Latinamerica-music-award-compresso-1024x1536.jpg 1024w, https:\/\/holalatinosnews.com\/wp-content\/uploads\/2026\/08\/Latinamerica-music-award-compresso-1365x2048.jpg 1365w, https:\/\/holalatinosnews.com\/wp-content\/uploads\/2026\/08\/Latinamerica-music-award-compresso.jpg 2000w\" sizes=\"(max-width: 200px) 100vw, 200px\" \/><\/a> <a href=\"https:\/\/holalatinosnews.com\/wp-content\/uploads\/2026\/08\/Aymee_Cuba-compresso.png\"><img decoding=\"async\" class=\"alignnone size-medium wp-image-19758\" src=\"https:\/\/holalatinosnews.com\/wp-content\/uploads\/2026\/08\/Aymee_Cuba-compresso-300x300.png\" alt=\"\" width=\"300\" height=\"300\"><\/a><\/p>\n<p>&nbsp;<\/p>\n<p><span style=\"font-size: large;\"><b><a href=\"https:\/\/www.youtube.com\/watch?v=lOa0O2VScu4\" target=\"_blank\" rel=\"noopener\" data-saferedirecturl=\"https:\/\/www.google.com\/url?q=https:\/\/www.youtube.com\/watch?v%3DlOa0O2VScu4&#038;source=gmail&#038;ust=1788222898400000&#038;usg=AOvVaw2RVrerusV7Ec5ZjMkfTH-j\">La cantante cubana Aym\u00e9e Nuviola, ganadora de un Grammy y un Grammy Latino,<\/a><\/b> llevar\u00e1 al p\u00fablico a un emotivo viaje musical cuando interprete <em>\u00ab90 Millas\u00bb<\/em> el s\u00e1bado 26 de septiembre de 2026, a las 19:30 h, en el Sanctuary of the Arts, en <a href=\"https:\/\/www.google.com\/maps\/search\/410+Andalusia+Ave?entry=gmail&#038;source=g\" data-saferedirecturl=\"https:\/\/www.google.com\/url?q=https:\/\/www.google.com\/maps\/search\/410%2BAndalusia%2BAve?entry%3Dgmail%26source%3Dg&#038;source=gmail&#038;ust=1788222898400000&#038;usg=AOvVaw121drDSdLNM8u7DPwJY40L\">el 410 de Andalusia Ave<\/a>., en Coral Gables. <\/span><\/p>\n<p><span style=\"font-size: large;\">Organizado por Williamson Cadillac, el evento <em>\u00ab90 Millas\u00bb<\/em> se cre\u00f3 para celebrar el inicio del Mes de la Herencia Hispana y el v\u00ednculo cultural que sigue uniendo a Miami y Cuba.<\/span><\/p>\n<p><span style=\"font-size: large;\">A trav\u00e9s de la potente voz de Nuviola y su inconfundible estilo musical cubano, el concierto explorar\u00e1 la nostalgia, la memoria, las ra\u00edces familiares y la experiencia de una comunidad que ha conservado su patrimonio a lo largo de generaciones. El t\u00edtulo \u2014que en espa\u00f1ol significa \u00ab90 millas\u00bb\u2014 hace referencia a las aproximadamente 90 millas que separan Cuba del sur de Florida. <\/span><\/p>\n<p><span style=\"font-size: large;\">Aunque la distancia entre ambas orillas sea corta, supone un profundo viaje emocional para generaciones de inmigrantes cubanos y sus familias. <em>\u00ab90 Millas\u00bb<\/em> rinde homenaje a la m\u00fasica, las tradiciones y los recuerdos que siguen manteniendo viva a Cuba en Miami y en toda la di\u00e1spora.<\/span><\/p>\n<p><span style=\"font-size: large;\">Conocida internacionalmente como \u00abLa Sonera del Mundo\u00bb, Nuviola es una aclamada cantante, pianista, compositora y actriz cuya m\u00fasica abarca la salsa, el son, la timba, el jazz, el bolero y otras tradiciones afrocubanas. Su imponente presencia en el escenario, su versatilidad vocal y su capacidad para fusionar los sonidos tradicionales cubanos con influencias contempor\u00e1neas le han valido el reconocimiento del p\u00fablico de todo el mundo. <\/span><\/p>\n<p><span style=\"font-size: large;\">Nuviola gan\u00f3 el Premio Grammy 2020 al Mejor \u00c1lbum Latino Tropical por <em>*A Journey Through Cuban Music<\/em>*. Tambi\u00e9n ha recibido varios premios Grammy Latinos, entre ellos los de <em>*Como Anillo al Dedo*<\/em> y su colaboraci\u00f3n con el famoso pianista cubano Gonzalo Rubalcaba. Como actriz, interpret\u00f3 a la Celia Cruz adulta en la serie de televisi\u00f3n <em>*Celia*<\/em>, dando a conocer su talento a un p\u00fablico internacional a\u00fan m\u00e1s amplio.  <\/span><\/p>\n<p><span style=\"font-size: large;\">Situado en pleno centro de Coral Gables, el Sanctuary of the Arts ofrece un ambiente acogedor para esta velada especial en la que se celebra la m\u00fasica cubana, la identidad cubana y los fuertes lazos que unen a las comunidades a lo largo de las generaciones.<\/span><\/p>\n<p><span style=\"font-size: large;\"><b>INFORMACI\u00d3N SOBRE EL EVENTO<\/b><\/span><\/p>\n<p><span style=\"font-size: large;\">Aym\u00e9e Nuviola: <em>\u00ab90 Millas<\/em>\u00bb<br \/>\n, presentado por Williamson Cadillac<\/span><\/p>\n<p><span style=\"font-size: large;\">Fecha: s\u00e1bado, 26 de septiembre de 2026<br \/>\nHora: 19:30 h<br \/>\nLugar: Sanctuary of the Arts<br \/>\nDirecci\u00f3n: <a href=\"https:\/\/www.google.com\/maps\/search\/410+Andalusia+Ave.,+Coral+Gables,+FL+33134?entry=gmail&#038;source=g\" data-saferedirecturl=\"https:\/\/www.google.com\/url?q=https:\/\/www.google.com\/maps\/search\/410%2BAndalusia%2BAve.,%2BCoral%2BGables,%2BFL%2B33134?entry%3Dgmail%26source%3Dg&#038;source=gmail&#038;ust=1788222898400000&#038;usg=AOvVaw3XWZ22dB9jabpNxYoUuBY-\">410 Andalusia Ave., Coral Gables, FL 33134<\/a><\/span><\/p>\n<p><span style=\"font-size: large;\">Puedes conseguir entradas y m\u00e1s informaci\u00f3n en <a href=\"http:\/\/www.sanctuaryofthearts.org\/\" target=\"_blank\" rel=\"noopener\" data-saferedirecturl=\"https:\/\/www.google.com\/url?q=http:\/\/www.SanctuaryoftheArts.org&#038;source=gmail&#038;ust=1788222898400000&#038;usg=AOvVaw3OnqY5wbWPxDvVsvHRI5LJ\">www.SanctuaryoftheArts.org<\/a> o llamando al <a href=\"tel:(786)%20362-5132\" target=\"_blank\" rel=\"noopener\">786-362-5132<\/a>.<\/span><\/p>\n<p><span style=\"font-size: large;\"><b>SOBRE AYM\u00c9E NUVIOLA<\/b><\/span><\/p>\n<p><span style=\"font-size: large;\">Aym\u00e9e Nuviola es una cantante, pianista, compositora y actriz cubana, ganadora de un Grammy y un Grammy Latino, conocida internacionalmente como \u00abLa Sonera del Mundo\u00bb. Nacida en La Habana y formada en el Conservatorio Manuel Saumell, ha desarrollado un estilo musical propio con influencias de la salsa, el son, la timba, el jazz, el bolero y los ritmos afrocubanos. Nuviola ha actuado por todo el mundo y ha colaborado con figuras destacadas de la m\u00fasica latina y el jazz. Sus aclamados discos y su memorable interpretaci\u00f3n de Celia Cruz la han consolidado como una de las int\u00e9rpretes contempor\u00e1neas m\u00e1s reconocidas de la m\u00fasica cubana.   <\/span><\/p>\n<p><span style=\"font-size: large;\"><b>SOBRE SANCTUARY OF THE ARTS<\/b><\/span><\/p>\n<p><span style=\"font-size: large;\">Sanctuary of the Arts es una organizaci\u00f3n cultural multidisciplinar y un complejo dedicado a las artes esc\u00e9nicas situado en pleno centro de Coral Gables. Su programaci\u00f3n abarca m\u00fasica, danza, teatro, literatura y eventos comunitarios, y pone en contacto a artistas consagrados y emergentes con el p\u00fablico del sur de Florida. <\/span><\/p>\n<div class=\"yj6qo\"><\/div>\n","protected":false},"excerpt":{"rendered":"<p>Amy Nuviola actuar\u00e1 con \u00ab90 millas\u00bb el 26 de septiembre en el Sanctuary of the Arts de Coral Gables<\/p>\n","protected":false},"author":1,"featured_media":19763,"comment_status":"closed","ping_status":"closed","sticky":false,"template":"","format":"standard","meta":{"_acf_changed":false,"site-sidebar-layout":"default","site-content-layout":"","ast-site-content-layout":"default","site-content-style":"default","site-sidebar-style":"default","ast-global-header-display":"","ast-banner-title-visibility":"","ast-main-header-display":"","ast-hfb-above-header-display":"","ast-hfb-below-header-display":"","ast-hfb-mobile-header-display":"","site-post-title":"","ast-breadcrumbs-content":"","ast-featured-img":"","footer-sml-layout":"","ast-disable-related-posts":"","theme-transparent-header-meta":"default","adv-header-id-meta":"","stick-header-meta":"","header-above-stick-meta":"","header-main-stick-meta":"","header-below-stick-meta":"","astra-migrate-meta-layouts":"default","ast-page-background-enabled":"default","ast-page-background-meta":{"desktop":{"background-color":"var(--ast-global-color-4)","background-image":"","background-repeat":"repeat","background-position":"center center","background-size":"auto","background-attachment":"scroll","background-type":"","background-media":"","overlay-type":"","overlay-color":"","overlay-opacity":"","overlay-gradient":""},"tablet":{"background-color":"","background-image":"","background-repeat":"repeat","background-position":"center center","background-size":"auto","background-attachment":"scroll","background-type":"","background-media":"","overlay-type":"","overlay-color":"","overlay-opacity":"","overlay-gradient":""},"mobile":{"background-color":"","background-image":"","background-repeat":"repeat","background-position":"center center","background-size":"auto","background-attachment":"scroll","background-type":"","background-media":"","overlay-type":"","overlay-color":"","overlay-opacity":"","overlay-gradient":""}},"ast-content-background-meta":{"desktop":{"background-color":"var(--ast-global-color-5)","background-image":"","background-repeat":"repeat","background-position":"center center","background-size":"auto","background-attachment":"scroll","background-type":"","background-media":"","overlay-type":"","overlay-color":"","overlay-opacity":"","overlay-gradient":""},"tablet":{"background-color":"var(--ast-global-color-5)","background-image":"","background-repeat":"repeat","background-position":"center center","background-size":"auto","background-attachment":"scroll","background-type":"","background-media":"","overlay-type":"","overlay-color":"","overlay-opacity":"","overlay-gradient":""},"mobile":{"background-color":"var(--ast-global-color-5)","background-image":"","background-repeat":"repeat","background-position":"center center","background-size":"auto","background-attachment":"scroll","background-type":"","background-media":"","overlay-type":"","overlay-color":"","overlay-opacity":"","overlay-gradient":""}},"footnotes":""},"categories":[1524,1494],"tags":[],"class_list":["post-19761","post","type-post","status-publish","format-standard","has-post-thumbnail","hentry","category-eventos-locales","category-sin-categorizar"],"acf":[],"yoast_head":"<!-- This site is optimized with the Yoast SEO plugin v28.3 - https:\/\/yoast.com\/product\/yoast-seo-wordpress\/ -->\n<title>Amy Nuviola actuar\u00e1 con \u00ab90 millas\u00bb el 26 de septiembre en el Sanctuary of the Arts de Coral Gables -<\/title>\n<meta name=\"description\" content=\"Amy Nuviola actuar\u00e1 con \u00ab90 millas\u00bb el 26 de septiembre en el Sanctuary of the Arts de Coral Gables\" \/>\n<meta name=\"robots\" content=\"index, follow, max-snippet:-1, max-image-preview:large, max-video-preview:-1\" \/>\n<link rel=\"canonical\" href=\"https:\/\/holalatinosnews.com\/es\/amy-nuviola-actuara-con-90-millas-el-26-de-septiembre-en-el-sanctuary-of-the-arts-de-coral-gables\/\" \/>\n<meta property=\"og:locale\" content=\"es_ES\" \/>\n<meta property=\"og:type\" content=\"article\" \/>\n<meta property=\"og:title\" content=\"Amy Nuviola actuar\u00e1 con \u00ab90 millas\u00bb el 26 de septiembre en el Sanctuary of the Arts de Coral Gables -\" \/>\n<meta property=\"og:description\" content=\"Amy Nuviola actuar\u00e1 con \u00ab90 millas\u00bb el 26 de septiembre en el Sanctuary of the Arts de Coral Gables\" \/>\n<meta property=\"og:url\" content=\"https:\/\/holalatinosnews.com\/es\/amy-nuviola-actuara-con-90-millas-el-26-de-septiembre-en-el-sanctuary-of-the-arts-de-coral-gables\/\" \/>\n<meta property=\"article:publisher\" content=\"https:\/\/www.facebook.com\/HolaLatinosMagazine\/\" \/>\n<meta property=\"article:published_time\" content=\"2026-08-31T14:09:22+00:00\" \/>\n<meta property=\"article:modified_time\" content=\"2026-08-31T14:16:25+00:00\" \/>\n<meta property=\"og:image\" content=\"https:\/\/holalatinosnews.com\/wp-content\/uploads\/2026\/08\/Aymee_Cuba-compresso-e1788185223268.png\" \/>\n\t<meta property=\"og:image:width\" content=\"1024\" \/>\n\t<meta property=\"og:image:height\" content=\"760\" \/>\n\t<meta property=\"og:image:type\" content=\"image\/png\" \/>\n<meta name=\"author\" content=\"nanestev\" \/>\n<meta name=\"twitter:card\" content=\"summary_large_image\" \/>\n<meta name=\"twitter:creator\" content=\"@HolaLatinosNews\" \/>\n<meta name=\"twitter:site\" content=\"@HolaLatinosNews\" \/>\n<meta name=\"twitter:label1\" content=\"Escrito por\" \/>\n\t<meta name=\"twitter:data1\" content=\"nanestev\" \/>\n\t<meta name=\"twitter:label2\" content=\"Tiempo de lectura\" \/>\n\t<meta name=\"twitter:data2\" content=\"3 minutos\" \/>\n<script type=\"application\/ld+json\" class=\"yoast-schema-graph\">{\"@context\":\"https:\\\/\\\/schema.org\",\"@graph\":[{\"@type\":\"Article\",\"@id\":\"https:\\\/\\\/holalatinosnews.com\\\/es\\\/amy-nuviola-actuara-con-90-millas-el-26-de-septiembre-en-el-sanctuary-of-the-arts-de-coral-gables\\\/#article\",\"isPartOf\":{\"@id\":\"https:\\\/\\\/holalatinosnews.com\\\/es\\\/amy-nuviola-actuara-con-90-millas-el-26-de-septiembre-en-el-sanctuary-of-the-arts-de-coral-gables\\\/\"},\"author\":{\"name\":\"nanestev\",\"@id\":\"https:\\\/\\\/holalatinosnews.com\\\/es\\\/#\\\/schema\\\/person\\\/88bda45f3627044ef8f67daf40844ef3\"},\"headline\":\"Amy Nuviola actuar\u00e1 con \u00ab90 millas\u00bb el 26 de septiembre en el Sanctuary of the Arts de Coral Gables\",\"datePublished\":\"2026-08-31T14:09:22+00:00\",\"dateModified\":\"2026-08-31T14:16:25+00:00\",\"mainEntityOfPage\":{\"@id\":\"https:\\\/\\\/holalatinosnews.com\\\/es\\\/amy-nuviola-actuara-con-90-millas-el-26-de-septiembre-en-el-sanctuary-of-the-arts-de-coral-gables\\\/\"},\"wordCount\":626,\"publisher\":{\"@id\":\"https:\\\/\\\/holalatinosnews.com\\\/es\\\/#organization\"},\"image\":{\"@id\":\"https:\\\/\\\/holalatinosnews.com\\\/es\\\/amy-nuviola-actuara-con-90-millas-el-26-de-septiembre-en-el-sanctuary-of-the-arts-de-coral-gables\\\/#primaryimage\"},\"thumbnailUrl\":\"https:\\\/\\\/holalatinosnews.com\\\/wp-content\\\/uploads\\\/2026\\\/08\\\/Aymee_Cuba-compresso-e1788185223268.png\",\"articleSection\":[\"Eventos locales\",\"Sin categorizar\"],\"inLanguage\":\"es\"},{\"@type\":\"WebPage\",\"@id\":\"https:\\\/\\\/holalatinosnews.com\\\/es\\\/amy-nuviola-actuara-con-90-millas-el-26-de-septiembre-en-el-sanctuary-of-the-arts-de-coral-gables\\\/\",\"url\":\"https:\\\/\\\/holalatinosnews.com\\\/es\\\/amy-nuviola-actuara-con-90-millas-el-26-de-septiembre-en-el-sanctuary-of-the-arts-de-coral-gables\\\/\",\"name\":\"Amy Nuviola actuar\u00e1 con \u00ab90 millas\u00bb el 26 de septiembre en el Sanctuary of the Arts de Coral Gables -\",\"isPartOf\":{\"@id\":\"https:\\\/\\\/holalatinosnews.com\\\/es\\\/#website\"},\"primaryImageOfPage\":{\"@id\":\"https:\\\/\\\/holalatinosnews.com\\\/es\\\/amy-nuviola-actuara-con-90-millas-el-26-de-septiembre-en-el-sanctuary-of-the-arts-de-coral-gables\\\/#primaryimage\"},\"image\":{\"@id\":\"https:\\\/\\\/holalatinosnews.com\\\/es\\\/amy-nuviola-actuara-con-90-millas-el-26-de-septiembre-en-el-sanctuary-of-the-arts-de-coral-gables\\\/#primaryimage\"},\"thumbnailUrl\":\"https:\\\/\\\/holalatinosnews.com\\\/wp-content\\\/uploads\\\/2026\\\/08\\\/Aymee_Cuba-compresso-e1788185223268.png\",\"datePublished\":\"2026-08-31T14:09:22+00:00\",\"dateModified\":\"2026-08-31T14:16:25+00:00\",\"description\":\"Amy Nuviola actuar\u00e1 con \u00ab90 millas\u00bb el 26 de septiembre en el Sanctuary of the Arts de Coral Gables\",\"breadcrumb\":{\"@id\":\"https:\\\/\\\/holalatinosnews.com\\\/es\\\/amy-nuviola-actuara-con-90-millas-el-26-de-septiembre-en-el-sanctuary-of-the-arts-de-coral-gables\\\/#breadcrumb\"},\"inLanguage\":\"es\",\"potentialAction\":[{\"@type\":\"ReadAction\",\"target\":[\"https:\\\/\\\/holalatinosnews.com\\\/es\\\/amy-nuviola-actuara-con-90-millas-el-26-de-septiembre-en-el-sanctuary-of-the-arts-de-coral-gables\\\/\"]}]},{\"@type\":\"ImageObject\",\"inLanguage\":\"es\",\"@id\":\"https:\\\/\\\/holalatinosnews.com\\\/es\\\/amy-nuviola-actuara-con-90-millas-el-26-de-septiembre-en-el-sanctuary-of-the-arts-de-coral-gables\\\/#primaryimage\",\"url\":\"https:\\\/\\\/holalatinosnews.com\\\/wp-content\\\/uploads\\\/2026\\\/08\\\/Aymee_Cuba-compresso-e1788185223268.png\",\"contentUrl\":\"https:\\\/\\\/holalatinosnews.com\\\/wp-content\\\/uploads\\\/2026\\\/08\\\/Aymee_Cuba-compresso-e1788185223268.png\",\"width\":1024,\"height\":760},{\"@type\":\"BreadcrumbList\",\"@id\":\"https:\\\/\\\/holalatinosnews.com\\\/es\\\/amy-nuviola-actuara-con-90-millas-el-26-de-septiembre-en-el-sanctuary-of-the-arts-de-coral-gables\\\/#breadcrumb\",\"itemListElement\":[{\"@type\":\"ListItem\",\"position\":1,\"name\":\"Inicio\",\"item\":\"https:\\\/\\\/holalatinosnews.com\\\/es\\\/hogar\\\/\"},{\"@type\":\"ListItem\",\"position\":2,\"name\":\"Amy Nuviola actuar\u00e1 con \u00ab90 millas\u00bb el 26 de septiembre en el Sanctuary of the Arts de Coral Gables\"}]},{\"@type\":\"WebSite\",\"@id\":\"https:\\\/\\\/holalatinosnews.com\\\/es\\\/#website\",\"url\":\"https:\\\/\\\/holalatinosnews.com\\\/es\\\/\",\"name\":\"Hola Latinos News\",\"description\":\"The Best Luxury Magazine in Miami\",\"publisher\":{\"@id\":\"https:\\\/\\\/holalatinosnews.com\\\/es\\\/#organization\"},\"alternateName\":\"Hola Latinos Magazine\",\"potentialAction\":[{\"@type\":\"SearchAction\",\"target\":{\"@type\":\"EntryPoint\",\"urlTemplate\":\"https:\\\/\\\/holalatinosnews.com\\\/es\\\/?s={search_term_string}\"},\"query-input\":{\"@type\":\"PropertyValueSpecification\",\"valueRequired\":true,\"valueName\":\"search_term_string\"}}],\"inLanguage\":\"es\"},{\"@type\":\"Organization\",\"@id\":\"https:\\\/\\\/holalatinosnews.com\\\/es\\\/#organization\",\"name\":\"Hola Latinos Magazine\",\"url\":\"https:\\\/\\\/holalatinosnews.com\\\/es\\\/\",\"logo\":{\"@type\":\"ImageObject\",\"inLanguage\":\"es\",\"@id\":\"https:\\\/\\\/holalatinosnews.com\\\/es\\\/#\\\/schema\\\/logo\\\/image\\\/\",\"url\":\"https:\\\/\\\/holalatinosnews.com\\\/wp-content\\\/uploads\\\/2022\\\/07\\\/Logotipo-HL-2019-gris-scaled-e1656724491514.jpg\",\"contentUrl\":\"https:\\\/\\\/holalatinosnews.com\\\/wp-content\\\/uploads\\\/2022\\\/07\\\/Logotipo-HL-2019-gris-scaled-e1656724491514.jpg\",\"width\":1079,\"height\":1010,\"caption\":\"Hola Latinos Magazine\"},\"image\":{\"@id\":\"https:\\\/\\\/holalatinosnews.com\\\/es\\\/#\\\/schema\\\/logo\\\/image\\\/\"},\"sameAs\":[\"https:\\\/\\\/www.facebook.com\\\/HolaLatinosMagazine\\\/\",\"https:\\\/\\\/x.com\\\/HolaLatinosNews\",\"https:\\\/\\\/www.instagram.com\\\/hl_mag\\\/\"]},{\"@type\":\"Person\",\"@id\":\"https:\\\/\\\/holalatinosnews.com\\\/es\\\/#\\\/schema\\\/person\\\/88bda45f3627044ef8f67daf40844ef3\",\"name\":\"nanestev\",\"image\":{\"@type\":\"ImageObject\",\"inLanguage\":\"es\",\"@id\":\"https:\\\/\\\/secure.gravatar.com\\\/avatar\\\/47497f11d328fbc7bae9975776d41b2405881f99b07bdb2a0c243db2d9b2b1db?s=96&d=mm&r=g\",\"url\":\"https:\\\/\\\/secure.gravatar.com\\\/avatar\\\/47497f11d328fbc7bae9975776d41b2405881f99b07bdb2a0c243db2d9b2b1db?s=96&d=mm&r=g\",\"contentUrl\":\"https:\\\/\\\/secure.gravatar.com\\\/avatar\\\/47497f11d328fbc7bae9975776d41b2405881f99b07bdb2a0c243db2d9b2b1db?s=96&d=mm&r=g\",\"caption\":\"nanestev\"},\"url\":\"https:\\\/\\\/holalatinosnews.com\\\/es\\\/author\\\/nanestev\\\/\"}]}<\/script>\n<!-- \/ Yoast SEO plugin. -->","yoast_head_json":{"title":"Amy Nuviola actuar\u00e1 con \u00ab90 millas\u00bb el 26 de septiembre en el Sanctuary of the Arts de Coral Gables -","description":"Amy Nuviola actuar\u00e1 con \u00ab90 millas\u00bb el 26 de septiembre en el Sanctuary of the Arts de Coral Gables","robots":{"index":"index","follow":"follow","max-snippet":"max-snippet:-1","max-image-preview":"max-image-preview:large","max-video-preview":"max-video-preview:-1"},"canonical":"https:\/\/holalatinosnews.com\/es\/amy-nuviola-actuara-con-90-millas-el-26-de-septiembre-en-el-sanctuary-of-the-arts-de-coral-gables\/","og_locale":"es_ES","og_type":"article","og_title":"Amy Nuviola actuar\u00e1 con \u00ab90 millas\u00bb el 26 de septiembre en el Sanctuary of the Arts de Coral Gables -","og_description":"Amy Nuviola actuar\u00e1 con \u00ab90 millas\u00bb el 26 de septiembre en el Sanctuary of the Arts de Coral Gables","og_url":"https:\/\/holalatinosnews.com\/es\/amy-nuviola-actuara-con-90-millas-el-26-de-septiembre-en-el-sanctuary-of-the-arts-de-coral-gables\/","article_publisher":"https:\/\/www.facebook.com\/HolaLatinosMagazine\/","article_published_time":"2026-08-31T14:09:22+00:00","article_modified_time":"2026-08-31T14:16:25+00:00","og_image":[{"width":1024,"height":760,"url":"https:\/\/holalatinosnews.com\/wp-content\/uploads\/2026\/08\/Aymee_Cuba-compresso-e1788185223268.png","type":"image\/png"}],"author":"nanestev","twitter_card":"summary_large_image","twitter_creator":"@HolaLatinosNews","twitter_site":"@HolaLatinosNews","twitter_misc":{"Escrito por":"nanestev","Tiempo de lectura":"3 minutos"},"schema":{"@context":"https:\/\/schema.org","@graph":[{"@type":"Article","@id":"https:\/\/holalatinosnews.com\/es\/amy-nuviola-actuara-con-90-millas-el-26-de-septiembre-en-el-sanctuary-of-the-arts-de-coral-gables\/#article","isPartOf":{"@id":"https:\/\/holalatinosnews.com\/es\/amy-nuviola-actuara-con-90-millas-el-26-de-septiembre-en-el-sanctuary-of-the-arts-de-coral-gables\/"},"author":{"name":"nanestev","@id":"https:\/\/holalatinosnews.com\/es\/#\/schema\/person\/88bda45f3627044ef8f67daf40844ef3"},"headline":"Amy Nuviola actuar\u00e1 con \u00ab90 millas\u00bb el 26 de septiembre en el Sanctuary of the Arts de Coral Gables","datePublished":"2026-08-31T14:09:22+00:00","dateModified":"2026-08-31T14:16:25+00:00","mainEntityOfPage":{"@id":"https:\/\/holalatinosnews.com\/es\/amy-nuviola-actuara-con-90-millas-el-26-de-septiembre-en-el-sanctuary-of-the-arts-de-coral-gables\/"},"wordCount":626,"publisher":{"@id":"https:\/\/holalatinosnews.com\/es\/#organization"},"image":{"@id":"https:\/\/holalatinosnews.com\/es\/amy-nuviola-actuara-con-90-millas-el-26-de-septiembre-en-el-sanctuary-of-the-arts-de-coral-gables\/#primaryimage"},"thumbnailUrl":"https:\/\/holalatinosnews.com\/wp-content\/uploads\/2026\/08\/Aymee_Cuba-compresso-e1788185223268.png","articleSection":["Eventos locales","Sin categorizar"],"inLanguage":"es"},{"@type":"WebPage","@id":"https:\/\/holalatinosnews.com\/es\/amy-nuviola-actuara-con-90-millas-el-26-de-septiembre-en-el-sanctuary-of-the-arts-de-coral-gables\/","url":"https:\/\/holalatinosnews.com\/es\/amy-nuviola-actuara-con-90-millas-el-26-de-septiembre-en-el-sanctuary-of-the-arts-de-coral-gables\/","name":"Amy Nuviola actuar\u00e1 con \u00ab90 millas\u00bb el 26 de septiembre en el Sanctuary of the Arts de Coral Gables -","isPartOf":{"@id":"https:\/\/holalatinosnews.com\/es\/#website"},"primaryImageOfPage":{"@id":"https:\/\/holalatinosnews.com\/es\/amy-nuviola-actuara-con-90-millas-el-26-de-septiembre-en-el-sanctuary-of-the-arts-de-coral-gables\/#primaryimage"},"image":{"@id":"https:\/\/holalatinosnews.com\/es\/amy-nuviola-actuara-con-90-millas-el-26-de-septiembre-en-el-sanctuary-of-the-arts-de-coral-gables\/#primaryimage"},"thumbnailUrl":"https:\/\/holalatinosnews.com\/wp-content\/uploads\/2026\/08\/Aymee_Cuba-compresso-e1788185223268.png","datePublished":"2026-08-31T14:09:22+00:00","dateModified":"2026-08-31T14:16:25+00:00","description":"Amy Nuviola actuar\u00e1 con \u00ab90 millas\u00bb el 26 de septiembre en el Sanctuary of the Arts de Coral Gables","breadcrumb":{"@id":"https:\/\/holalatinosnews.com\/es\/amy-nuviola-actuara-con-90-millas-el-26-de-septiembre-en-el-sanctuary-of-the-arts-de-coral-gables\/#breadcrumb"},"inLanguage":"es","potentialAction":[{"@type":"ReadAction","target":["https:\/\/holalatinosnews.com\/es\/amy-nuviola-actuara-con-90-millas-el-26-de-septiembre-en-el-sanctuary-of-the-arts-de-coral-gables\/"]}]},{"@type":"ImageObject","inLanguage":"es","@id":"https:\/\/holalatinosnews.com\/es\/amy-nuviola-actuara-con-90-millas-el-26-de-septiembre-en-el-sanctuary-of-the-arts-de-coral-gables\/#primaryimage","url":"https:\/\/holalatinosnews.com\/wp-content\/uploads\/2026\/08\/Aymee_Cuba-compresso-e1788185223268.png","contentUrl":"https:\/\/holalatinosnews.com\/wp-content\/uploads\/2026\/08\/Aymee_Cuba-compresso-e1788185223268.png","width":1024,"height":760},{"@type":"BreadcrumbList","@id":"https:\/\/holalatinosnews.com\/es\/amy-nuviola-actuara-con-90-millas-el-26-de-septiembre-en-el-sanctuary-of-the-arts-de-coral-gables\/#breadcrumb","itemListElement":[{"@type":"ListItem","position":1,"name":"Inicio","item":"https:\/\/holalatinosnews.com\/es\/hogar\/"},{"@type":"ListItem","position":2,"name":"Amy Nuviola actuar\u00e1 con \u00ab90 millas\u00bb el 26 de septiembre en el Sanctuary of the Arts de Coral Gables"}]},{"@type":"WebSite","@id":"https:\/\/holalatinosnews.com\/es\/#website","url":"https:\/\/holalatinosnews.com\/es\/","name":"Hola Latinos News","description":"The Best Luxury Magazine in Miami","publisher":{"@id":"https:\/\/holalatinosnews.com\/es\/#organization"},"alternateName":"Hola Latinos Magazine","potentialAction":[{"@type":"SearchAction","target":{"@type":"EntryPoint","urlTemplate":"https:\/\/holalatinosnews.com\/es\/?s={search_term_string}"},"query-input":{"@type":"PropertyValueSpecification","valueRequired":true,"valueName":"search_term_string"}}],"inLanguage":"es"},{"@type":"Organization","@id":"https:\/\/holalatinosnews.com\/es\/#organization","name":"Hola Latinos Magazine","url":"https:\/\/holalatinosnews.com\/es\/","logo":{"@type":"ImageObject","inLanguage":"es","@id":"https:\/\/holalatinosnews.com\/es\/#\/schema\/logo\/image\/","url":"https:\/\/holalatinosnews.com\/wp-content\/uploads\/2022\/07\/Logotipo-HL-2019-gris-scaled-e1656724491514.jpg","contentUrl":"https:\/\/holalatinosnews.com\/wp-content\/uploads\/2022\/07\/Logotipo-HL-2019-gris-scaled-e1656724491514.jpg","width":1079,"height":1010,"caption":"Hola Latinos Magazine"},"image":{"@id":"https:\/\/holalatinosnews.com\/es\/#\/schema\/logo\/image\/"},"sameAs":["https:\/\/www.facebook.com\/HolaLatinosMagazine\/","https:\/\/x.com\/HolaLatinosNews","https:\/\/www.instagram.com\/hl_mag\/"]},{"@type":"Person","@id":"https:\/\/holalatinosnews.com\/es\/#\/schema\/person\/88bda45f3627044ef8f67daf40844ef3","name":"nanestev","image":{"@type":"ImageObject","inLanguage":"es","@id":"https:\/\/secure.gravatar.com\/avatar\/47497f11d328fbc7bae9975776d41b2405881f99b07bdb2a0c243db2d9b2b1db?s=96&d=mm&r=g","url":"https:\/\/secure.gravatar.com\/avatar\/47497f11d328fbc7bae9975776d41b2405881f99b07bdb2a0c243db2d9b2b1db?s=96&d=mm&r=g","contentUrl":"https:\/\/secure.gravatar.com\/avatar\/47497f11d328fbc7bae9975776d41b2405881f99b07bdb2a0c243db2d9b2b1db?s=96&d=mm&r=g","caption":"nanestev"},"url":"https:\/\/holalatinosnews.com\/es\/author\/nanestev\/"}]}},"_links":{"self":[{"href":"https:\/\/holalatinosnews.com\/es\/wp-json\/wp\/v2\/posts\/19761","targetHints":{"allow":["GET"]}}],"collection":[{"href":"https:\/\/holalatinosnews.com\/es\/wp-json\/wp\/v2\/posts"}],"about":[{"href":"https:\/\/holalatinosnews.com\/es\/wp-json\/wp\/v2\/types\/post"}],"author":[{"embeddable":true,"href":"https:\/\/holalatinosnews.com\/es\/wp-json\/wp\/v2\/users\/1"}],"replies":[{"embeddable":true,"href":"https:\/\/holalatinosnews.com\/es\/wp-json\/wp\/v2\/comments?post=19761"}],"version-history":[{"count":1,"href":"https:\/\/holalatinosnews.com\/es\/wp-json\/wp\/v2\/posts\/19761\/revisions"}],"predecessor-version":[{"id":19764,"href":"https:\/\/holalatinosnews.com\/es\/wp-json\/wp\/v2\/posts\/19761\/revisions\/19764"}],"wp:featuredmedia":[{"embeddable":true,"href":"https:\/\/holalatinosnews.com\/es\/wp-json\/wp\/v2\/media\/19763"}],"wp:attachment":[{"href":"https:\/\/holalatinosnews.com\/es\/wp-json\/wp\/v2\/media?parent=19761"}],"wp:term":[{"taxonomy":"category","embeddable":true,"href":"https:\/\/holalatinosnews.com\/es\/wp-json\/wp\/v2\/categories?post=19761"},{"taxonomy":"post_tag","embeddable":true,"href":"https:\/\/holalatinosnews.com\/es\/wp-json\/wp\/v2\/tags?post=19761"}],"curies":[{"name":"wp","href":"https:\/\/api.w.org\/{rel}","templated":true}]}}